{"id":10935,"date":"2025-02-01T09:30:21","date_gmt":"2025-02-01T09:30:21","guid":{"rendered":"https:\/\/estudiar.vamtam.com\/?p=10935"},"modified":"2025-06-24T23:46:58","modified_gmt":"2025-06-24T23:46:58","slug":"un-drone-percute-avion-urgence-formation-iid","status":"publish","type":"post","link":"https:\/\/university-drone.org\/website\/un-drone-percute-avion-urgence-formation-iid\/","title":{"rendered":"Un drone percute un avion de lutte contre les feux : l\u2019IID alerte sur l\u2019urgence de la formation et des r\u00e8gles d\u2019usage"},"content":{"rendered":"\t\t<div data-elementor-type=\"wp-post\" data-elementor-id=\"10935\" class=\"elementor elementor-10935\" data-elementor-post-type=\"post\">\n\t\t\t\t\t\t<section class=\"elementor-section elementor-top-section elementor-element elementor-element-94348fe elementor-section-full_width elementor-section-height-default elementor-section-height-default\" data-id=\"94348fe\" data-element_type=\"section\" data-e-type=\"section\">\n\t\t\t\t\t\t<div class=\"elementor-container elementor-column-gap-default\">\n\t\t\t\t\t<div class=\"elementor-column elementor-col-100 elementor-top-column elementor-element elementor-element-2396fa1\" data-id=\"2396fa1\" data-element_type=\"column\" data-e-type=\"column\">\n\t\t\t<div class=\"elementor-widget-wrap elementor-element-populated\">\n\t\t\t\t\t\t<div class=\"elementor-element elementor-element-72e92f8 elementor-widget elementor-widget-heading\" data-id=\"72e92f8\" data-element_type=\"widget\" data-e-type=\"widget\" data-widget_type=\"heading.default\">\n\t\t\t\t<div class=\"elementor-widget-container\">\n\t\t\t\t\t<h3 class=\"elementor-heading-title elementor-size-default\">Un incident grave : un drone endommage un avion en mission de s\u00e9curit\u00e9<\/h3>\t\t\t\t<\/div>\n\t\t\t\t<\/div>\n\t\t\t\t<div class=\"elementor-element elementor-element-7e857cf elementor-widget elementor-widget-text-editor\" data-id=\"7e857cf\" data-element_type=\"widget\" data-e-type=\"widget\" data-widget_type=\"text-editor.default\">\n\t\t\t\t<div class=\"elementor-widget-container\">\n\t\t\t\t\t\t\t\t\t<p data-start=\"488\" data-end=\"922\">Le 31 janvier 2025, <strong data-start=\"508\" data-end=\"534\">un citoyen californien<\/strong> a \u00e9t\u00e9 arr\u00eat\u00e9 apr\u00e8s avoir fait voler un drone de loisir dans une zone restreinte, causant des <strong data-start=\"628\" data-end=\"664\">dommages \u00e0 un avion de la SOPFEU<\/strong> (Soci\u00e9t\u00e9 de protection des for\u00eats contre le feu) en mission de surveillance dans le nord du Qu\u00e9bec. Ce type d\u2019acte met non seulement en danger les \u00e9quipages, mais <strong data-start=\"828\" data-end=\"882\">compromet l\u2019efficacit\u00e9 des interventions d\u2019urgence<\/strong>, notamment en p\u00e9riode de feux de for\u00eat.<\/p><p data-start=\"924\" data-end=\"1123\"><a class=\"\" href=\"https:\/\/www.journaldemontreal.com\/2025\/01\/31\/un-californien-risque-la-prison-apres-avoir-endommage-un-avion-de-la-sopfeu-avec-son-drone\" target=\"_new\" rel=\"noopener\" data-start=\"924\" data-end=\"1123\">\ud83d\udcce Source officielle : Journal de Montr\u00e9al \u2013 31 janvier 2025<\/a><\/p>\t\t\t\t\t\t\t\t<\/div>\n\t\t\t\t<\/div>\n\t\t\t\t<div class=\"elementor-element elementor-element-17deca3 elementor-widget elementor-widget-heading\" data-id=\"17deca3\" data-element_type=\"widget\" data-e-type=\"widget\" data-widget_type=\"heading.default\">\n\t\t\t\t<div class=\"elementor-widget-container\">\n\t\t\t\t\t<h3 class=\"elementor-heading-title elementor-size-default\">Une interdiction claire : pas de vol en zone d\u2019intervention<\/h3>\t\t\t\t<\/div>\n\t\t\t\t<\/div>\n\t\t\t\t<div class=\"elementor-element elementor-element-73f4e03 elementor-widget elementor-widget-text-editor\" data-id=\"73f4e03\" data-element_type=\"widget\" data-e-type=\"widget\" data-widget_type=\"text-editor.default\">\n\t\t\t\t<div class=\"elementor-widget-container\">\n\t\t\t\t\t\t\t\t\t<p data-start=\"1198\" data-end=\"1457\">L\u2019espace a\u00e9rien utilis\u00e9 lors des interventions des services d\u2019urgence est <strong data-start=\"1272\" data-end=\"1298\">strictement r\u00e9glement\u00e9<\/strong>. L\u2019usage de drones dans ces zones est <strong data-start=\"1337\" data-end=\"1362\">formellement interdit<\/strong>, sauf autorisation sp\u00e9cifique, car il repr\u00e9sente une menace directe pour la s\u00e9curit\u00e9 a\u00e9rienne.<\/p><p data-start=\"1459\" data-end=\"1685\">Les autorit\u00e9s canadiennes ont d\u2019ailleurs <strong data-start=\"1500\" data-end=\"1528\">intensifi\u00e9 les sanctions<\/strong> contre les op\u00e9rateurs de drones inconscients ou mal form\u00e9s. Dans ce cas pr\u00e9cis, <strong data-start=\"1609\" data-end=\"1639\">le pilote risque la prison<\/strong>, soulignant la gravit\u00e9 de tels comportements.<\/p>\t\t\t\t\t\t\t\t<\/div>\n\t\t\t\t<\/div>\n\t\t\t\t<div class=\"elementor-element elementor-element-6225b60 elementor-widget elementor-widget-heading\" data-id=\"6225b60\" data-element_type=\"widget\" data-e-type=\"widget\" data-widget_type=\"heading.default\">\n\t\t\t\t<div class=\"elementor-widget-container\">\n\t\t\t\t\t<h3 class=\"elementor-heading-title elementor-size-default\">L\u2019importance d\u2019une formation qualifiante et r\u00e9glement\u00e9e<\/h3>\t\t\t\t<\/div>\n\t\t\t\t<\/div>\n\t\t\t\t<div class=\"elementor-element elementor-element-1684160 elementor-widget elementor-widget-text-editor\" data-id=\"1684160\" data-element_type=\"widget\" data-e-type=\"widget\" data-widget_type=\"text-editor.default\">\n\t\t\t\t<div class=\"elementor-widget-container\">\n\t\t\t\t\t\t\t\t\t<p data-start=\"1756\" data-end=\"1976\">Cet \u00e9v\u00e9nement illustre une nouvelle fois l\u2019importance d\u2019une <strong data-start=\"1816\" data-end=\"1882\">formation compl\u00e8te, certifi\u00e9e, et conforme aux r\u00e9glementations<\/strong> nationales et internationales (OACI, ANAC, EASA). \u00c0 l\u2019IID, nous enseignons \u00e0 nos apprenants :<\/p><ul data-start=\"1978\" data-end=\"2214\"><li data-start=\"1978\" data-end=\"2027\"><p data-start=\"1980\" data-end=\"2027\">Les zones interdites de vol (NOTAM, ZIT, ZDT)<\/p><\/li><li data-start=\"2028\" data-end=\"2087\"><p data-start=\"2030\" data-end=\"2087\">La coordination avec les autorit\u00e9s locales et a\u00e9riennes<\/p><\/li><li data-start=\"2088\" data-end=\"2144\"><p data-start=\"2090\" data-end=\"2144\">Les responsabilit\u00e9s civiles et p\u00e9nales du t\u00e9l\u00e9pilote<\/p><\/li><li data-start=\"2145\" data-end=\"2214\"><p data-start=\"2147\" data-end=\"2214\">Les r\u00e8gles en cas d\u2019intervention de la s\u00e9curit\u00e9 civile ou militaire<\/p><\/li><\/ul>\t\t\t\t\t\t\t\t<\/div>\n\t\t\t\t<\/div>\n\t\t\t\t\t<\/div>\n\t\t<\/div>\n\t\t\t\t\t<\/div>\n\t\t<\/section>\n\t\t\t\t<section class=\"elementor-section elementor-top-section elementor-element elementor-element-05af851 elementor-section-full_width elementor-section-height-default elementor-section-height-default\" data-id=\"05af851\" data-element_type=\"section\" data-e-type=\"section\">\n\t\t\t\t\t\t<div class=\"elementor-container elementor-column-gap-default\">\n\t\t\t\t\t<div class=\"elementor-column elementor-col-100 elementor-top-column elementor-element elementor-element-3d58c9d\" data-id=\"3d58c9d\" data-element_type=\"column\" data-e-type=\"column\">\n\t\t\t<div class=\"elementor-widget-wrap elementor-element-populated\">\n\t\t\t\t\t\t<div class=\"elementor-element elementor-element-3ee1000 elementor-widget elementor-widget-heading\" data-id=\"3ee1000\" data-element_type=\"widget\" data-e-type=\"widget\" data-widget_type=\"heading.default\">\n\t\t\t\t<div class=\"elementor-widget-container\">\n\t\t\t\t\t<h3 class=\"elementor-heading-title elementor-size-default\">La position de l\u2019IID : professionnaliser pour s\u00e9curiser<\/h3>\t\t\t\t<\/div>\n\t\t\t\t<\/div>\n\t\t\t\t<div class=\"elementor-element elementor-element-1231060 elementor-widget elementor-widget-text-editor\" data-id=\"1231060\" data-element_type=\"widget\" data-e-type=\"widget\" data-widget_type=\"text-editor.default\">\n\t\t\t\t<div class=\"elementor-widget-container\">\n\t\t\t\t\t\t\t\t\t<p data-start=\"2398\" data-end=\"2510\">L\u2019Irobotics Institute of Drone, \u00e0 travers son programme OFA (Organisme de Formation A\u00e9ronautique), milite pour :<\/p><ul data-start=\"2512\" data-end=\"2809\"><li data-start=\"2512\" data-end=\"2595\"><p data-start=\"2514\" data-end=\"2595\">La <strong data-start=\"2517\" data-end=\"2551\">diffusion des bonnes pratiques<\/strong> dans l\u2019usage civil et industriel du drone<\/p><\/li><li data-start=\"2596\" data-end=\"2657\"><p data-start=\"2598\" data-end=\"2657\">La <strong data-start=\"2601\" data-end=\"2655\">conscience des risques partag\u00e9s de l\u2019espace a\u00e9rien<\/strong><\/p><\/li><li data-start=\"2658\" data-end=\"2735\"><p data-start=\"2660\" data-end=\"2735\">L\u2019<strong data-start=\"2662\" data-end=\"2733\">int\u00e9gration des t\u00e9l\u00e9pilotes dans un \u00e9cosyst\u00e8me r\u00e9glementaire mature<\/strong><\/p><\/li><li data-start=\"2736\" data-end=\"2809\"><p data-start=\"2738\" data-end=\"2809\">La <strong data-start=\"2741\" data-end=\"2809\">collaboration avec les autorit\u00e9s nationales de l\u2019aviation civile<\/strong><\/p><h3 data-start=\"2816\" data-end=\"2843\">\ud83d\udd17 Pour aller plus loin<\/h3><p data-start=\"2845\" data-end=\"3034\">\ud83d\udcd8 D\u00e9couvrez nos modules sur la <strong data-start=\"2877\" data-end=\"2930\">r\u00e9glementation a\u00e9rienne et la gestion des risques<\/strong><br data-start=\"2930\" data-end=\"2933\" \/>\ud83d\udc49 <a class=\"\" href=\"https:\/\/university-drone.org\/website\/academics\" target=\"_new\" rel=\"noopener\" data-start=\"2936\" data-end=\"3034\">Programmes de formation drone VLOS, BVLOS et HSE<\/a><\/p><\/li><\/ul>\t\t\t\t\t\t\t\t<\/div>\n\t\t\t\t<\/div>\n\t\t\t\t\t<\/div>\n\t\t<\/div>\n\t\t\t\t\t<\/div>\n\t\t<\/section>\n\t\t\t\t<section class=\"elementor-section elementor-top-section elementor-element elementor-element-615a1b4 elementor-section-boxed elementor-section-height-default elementor-section-height-default\" data-id=\"615a1b4\" data-element_type=\"section\" data-e-type=\"section\">\n\t\t\t\t\t\t<div class=\"elementor-container elementor-column-gap-default\">\n\t\t\t\t\t<div class=\"elementor-column elementor-col-100 elementor-top-column elementor-element elementor-element-4a54b42\" data-id=\"4a54b42\" data-element_type=\"column\" data-e-type=\"column\">\n\t\t\t<div class=\"elementor-widget-wrap elementor-element-populated\">\n\t\t\t\t\t\t<div class=\"elementor-element elementor-element-af15d30 elementor-blockquote--skin-quotation elementor-blockquote--button-view-icon elementor-blockquote--button-skin-classic elementor-widget elementor-widget-blockquote\" data-id=\"af15d30\" data-element_type=\"widget\" data-e-type=\"widget\" data-widget_type=\"blockquote.default\">\n\t\t\t\t<div class=\"elementor-widget-container\">\n\t\t\t\t\t\t\t<blockquote class=\"elementor-blockquote\">\n\t\t\t<p class=\"elementor-blockquote__content\">\n\t\t\t\t\u00ab Un drone entre des mains mal form\u00e9es devient un danger public. \u00bb\n\t\t\t<\/p>\n\t\t\t\t\t\t\t<div class=\"e-q-footer\">\n\t\t\t\t\t\t\t\t\t\t\t<cite class=\"elementor-blockquote__author\"> Colle Adewale, Pr\u00e9sident de l\u2019IID<\/cite>\n\t\t\t\t\t\t\t\t\t\t\t\t\t\t\t\t<a href=\"https:\/\/twitter.com\/intent\/tweet?text=%C2%AB+Un+drone+entre+des+mains+mal+form%C3%A9es+devient+un+danger+public.+%C2%BB%0A+%E2%80%94++Colle+Adewale%2C+Pr%C3%A9sident+de+l%E2%80%99IID&amp;url=https%3A%2F%2Funiversity-drone.org%2Fwebsite%2Fwebsite%2Fwp-json%2Fwp%2Fv2%2Fposts%2F10935\" class=\"elementor-blockquote__tweet-button\" target=\"_blank\">\n\t\t\t\t\t\t\t\t\t\t\t\t\t\t\t<i aria-hidden=\"true\" class=\"fab fa-twitter\"><\/i>\t\t\t\t\t\t\t\t\t\t\t\t\t\t\t\t\t<span class=\"elementor-screen-only\">Tweet<\/span>\n\t\t\t\t\t\t\t\t\t\t\t\t\t\t\t\t\t\t\t\t\t\t\t\t\t\t\t\t<\/a>\n\t\t\t\t\t\t\t\t\t<\/div>\n\t\t\t\t\t<\/blockquote>\n\t\t\t\t\t\t<\/div>\n\t\t\t\t<\/div>\n\t\t\t\t\t<\/div>\n\t\t<\/div>\n\t\t\t\t\t<\/div>\n\t\t<\/section>\n\t\t<div class=\"elementor-element elementor-element-0efeb06 e-flex e-con-boxed e-con e-parent\" data-id=\"0efeb06\" data-element_type=\"container\" data-e-type=\"container\">\n\t\t\t\t\t<div class=\"e-con-inner\">\n\t\t\t\t<div class=\"elementor-element elementor-element-b380352 elementor-widget elementor-widget-image\" data-id=\"b380352\" data-element_type=\"widget\" data-e-type=\"widget\" data-widget_type=\"image.default\">\n\t\t\t\t<div class=\"elementor-widget-container\">\n\t\t\t\t\t\t\t\t\t<div class=\"elementor-image\">\n\t\t\t\t\t\t\t\t\t\t\t\t\t\t\t\t\t\t\t\t\t<img fetchpriority=\"high\" decoding=\"async\" width=\"1024\" height=\"768\" src=\"https:\/\/university-drone.org\/website\/wp-content\/uploads\/2025\/02\/ACT-SOPFEU-190M-1024x768-1.jpg\" class=\"attachment-1536x1536 size-1536x1536 wp-image-989842\" alt=\"\" srcset=\"https:\/\/university-drone.org\/website\/wp-content\/uploads\/2025\/02\/ACT-SOPFEU-190M-1024x768-1.jpg 1024w, https:\/\/university-drone.org\/website\/wp-content\/uploads\/2025\/02\/ACT-SOPFEU-190M-1024x768-1-300x225.jpg 300w, https:\/\/university-drone.org\/website\/wp-content\/uploads\/2025\/02\/ACT-SOPFEU-190M-1024x768-1-768x576.jpg 768w\" sizes=\"(max-width: 1024px) 100vw, 1024px\" \/>\t\t\t\t\t\t\t\t\t\t\t\t\t\t\t\t\t\t\t\t\t\t\t\t<\/div>\n\t\t\t\t\t\t\t\t<\/div>\n\t\t\t\t<\/div>\n\t\t\t\t\t<\/div>\n\t\t\t\t<\/div>\n\t\t\t\t<\/div>\n\t\t","protected":false},"excerpt":{"rendered":"<p>Un incident grave : un drone endommage un avion en mission de s\u00e9curit\u00e9 Le 31 janvier 2025, un citoyen californien a \u00e9t\u00e9 arr\u00eat\u00e9 apr\u00e8s avoir fait voler un drone de loisir dans une zone restreinte, causant des dommages \u00e0 un avion de la SOPFEU (Soci\u00e9t\u00e9 de protection des for\u00eats contre le feu) en mission de&#8230;<\/p>\n","protected":false},"author":1,"featured_media":16833,"comment_status":"open","ping_status":"open","sticky":false,"template":"","format":"standard","meta":{"footnotes":""},"categories":[5,7],"tags":[58,56,50,59,55,46,57,53,52,51,54],"class_list":["post-10935","post","type-post","status-publish","format-standard","has-post-thumbnail","hentry","category-student-success","category-workshops-and-events","tag-anac","tag-drone-canada","tag-drone-incident","tag-easa","tag-formation-drone","tag-iid","tag-oaci","tag-reglementation-drone","tag-securite-aerienne","tag-sopfeu","tag-telepilote"],"yoast_head":"<!-- This site is optimized with the Yoast SEO plugin v27.4 - https:\/\/yoast.com\/product\/yoast-seo-wordpress\/ -->\n<title>Un drone percute un avion de lutte contre les feux : l\u2019IID alerte sur l\u2019urgence de la formation et des r\u00e8gles d\u2019usage - iRobotics Institute Of Drone<\/title>\n<meta name=\"robots\" content=\"index, follow, max-snippet:-1, max-image-preview:large, max-video-preview:-1\" \/>\n<link rel=\"canonical\" href=\"https:\/\/university-drone.org\/website\/un-drone-percute-avion-urgence-formation-iid\/\" \/>\n<meta property=\"og:locale\" content=\"fr_FR\" \/>\n<meta property=\"og:type\" content=\"article\" \/>\n<meta property=\"og:title\" content=\"Un drone percute un avion de lutte contre les feux : l\u2019IID alerte sur l\u2019urgence de la formation et des r\u00e8gles d\u2019usage - iRobotics Institute Of Drone\" \/>\n<meta property=\"og:description\" content=\"Un incident grave : un drone endommage un avion en mission de s\u00e9curit\u00e9 Le 31 janvier 2025, un citoyen californien a \u00e9t\u00e9 arr\u00eat\u00e9 apr\u00e8s avoir fait voler un drone de loisir dans une zone restreinte, causant des dommages \u00e0 un avion de la SOPFEU (Soci\u00e9t\u00e9 de protection des for\u00eats contre le feu) en mission de...\" \/>\n<meta property=\"og:url\" content=\"https:\/\/university-drone.org\/website\/un-drone-percute-avion-urgence-formation-iid\/\" \/>\n<meta property=\"og:site_name\" content=\"iRobotics Institute Of Drone\" \/>\n<meta property=\"article:published_time\" content=\"2025-02-01T09:30:21+00:00\" \/>\n<meta property=\"article:modified_time\" content=\"2025-06-24T23:46:58+00:00\" \/>\n<meta property=\"og:image\" content=\"https:\/\/university-drone.org\/website\/wp-content\/uploads\/2020\/12\/christina-wocintechchat-com-FPQlXQtjkqU-unsplash.jpg\" \/>\n\t<meta property=\"og:image:width\" content=\"1646\" \/>\n\t<meta property=\"og:image:height\" content=\"1040\" \/>\n\t<meta property=\"og:image:type\" content=\"image\/jpeg\" \/>\n<meta name=\"author\" content=\"adonaicolle18\" \/>\n<meta name=\"twitter:card\" content=\"summary_large_image\" \/>\n<meta name=\"twitter:label1\" content=\"\u00c9crit par\" \/>\n\t<meta name=\"twitter:data1\" content=\"adonaicolle18\" \/>\n\t<meta name=\"twitter:label2\" content=\"Dur\u00e9e de lecture estim\u00e9e\" \/>\n\t<meta name=\"twitter:data2\" content=\"3 minutes\" \/>\n<script type=\"application\/ld+json\" class=\"yoast-schema-graph\">{\"@context\":\"https:\\\/\\\/schema.org\",\"@graph\":[{\"@type\":\"Article\",\"@id\":\"https:\\\/\\\/university-drone.org\\\/website\\\/un-drone-percute-avion-urgence-formation-iid\\\/#article\",\"isPartOf\":{\"@id\":\"https:\\\/\\\/university-drone.org\\\/website\\\/un-drone-percute-avion-urgence-formation-iid\\\/\"},\"author\":{\"name\":\"adonaicolle18\",\"@id\":\"https:\\\/\\\/university-drone.org\\\/website\\\/#\\\/schema\\\/person\\\/3ca2d193d8e066b1467dadd114332cb6\"},\"headline\":\"Un drone percute un avion de lutte contre les feux : l\u2019IID alerte sur l\u2019urgence de la formation et des r\u00e8gles d\u2019usage\",\"datePublished\":\"2025-02-01T09:30:21+00:00\",\"dateModified\":\"2025-06-24T23:46:58+00:00\",\"mainEntityOfPage\":{\"@id\":\"https:\\\/\\\/university-drone.org\\\/website\\\/un-drone-percute-avion-urgence-formation-iid\\\/\"},\"wordCount\":420,\"commentCount\":0,\"publisher\":{\"@id\":\"https:\\\/\\\/university-drone.org\\\/website\\\/#organization\"},\"image\":{\"@id\":\"https:\\\/\\\/university-drone.org\\\/website\\\/un-drone-percute-avion-urgence-formation-iid\\\/#primaryimage\"},\"thumbnailUrl\":\"https:\\\/\\\/university-drone.org\\\/website\\\/wp-content\\\/uploads\\\/2020\\\/12\\\/christina-wocintechchat-com-FPQlXQtjkqU-unsplash.jpg\",\"keywords\":[\"ANAC\",\"drone Canada\",\"Drone Incident\",\"EASA\",\"formation drone\",\"IID\",\"OACI\",\"r\u00e8glementation drone\",\"s\u00e9curit\u00e9 a\u00e9rienne\",\"SOPFEU\",\"t\u00e9l\u00e9pilote\"],\"articleSection\":[\"Student Success\",\"Workshops and Events\"],\"inLanguage\":\"fr-FR\",\"potentialAction\":[{\"@type\":\"CommentAction\",\"name\":\"Comment\",\"target\":[\"https:\\\/\\\/university-drone.org\\\/website\\\/un-drone-percute-avion-urgence-formation-iid\\\/#respond\"]}]},{\"@type\":\"WebPage\",\"@id\":\"https:\\\/\\\/university-drone.org\\\/website\\\/un-drone-percute-avion-urgence-formation-iid\\\/\",\"url\":\"https:\\\/\\\/university-drone.org\\\/website\\\/un-drone-percute-avion-urgence-formation-iid\\\/\",\"name\":\"Un drone percute un avion de lutte contre les feux : l\u2019IID alerte sur l\u2019urgence de la formation et des r\u00e8gles d\u2019usage - iRobotics Institute Of Drone\",\"isPartOf\":{\"@id\":\"https:\\\/\\\/university-drone.org\\\/website\\\/#website\"},\"primaryImageOfPage\":{\"@id\":\"https:\\\/\\\/university-drone.org\\\/website\\\/un-drone-percute-avion-urgence-formation-iid\\\/#primaryimage\"},\"image\":{\"@id\":\"https:\\\/\\\/university-drone.org\\\/website\\\/un-drone-percute-avion-urgence-formation-iid\\\/#primaryimage\"},\"thumbnailUrl\":\"https:\\\/\\\/university-drone.org\\\/website\\\/wp-content\\\/uploads\\\/2020\\\/12\\\/christina-wocintechchat-com-FPQlXQtjkqU-unsplash.jpg\",\"datePublished\":\"2025-02-01T09:30:21+00:00\",\"dateModified\":\"2025-06-24T23:46:58+00:00\",\"breadcrumb\":{\"@id\":\"https:\\\/\\\/university-drone.org\\\/website\\\/un-drone-percute-avion-urgence-formation-iid\\\/#breadcrumb\"},\"inLanguage\":\"fr-FR\",\"potentialAction\":[{\"@type\":\"ReadAction\",\"target\":[\"https:\\\/\\\/university-drone.org\\\/website\\\/un-drone-percute-avion-urgence-formation-iid\\\/\"]}]},{\"@type\":\"ImageObject\",\"inLanguage\":\"fr-FR\",\"@id\":\"https:\\\/\\\/university-drone.org\\\/website\\\/un-drone-percute-avion-urgence-formation-iid\\\/#primaryimage\",\"url\":\"https:\\\/\\\/university-drone.org\\\/website\\\/wp-content\\\/uploads\\\/2020\\\/12\\\/christina-wocintechchat-com-FPQlXQtjkqU-unsplash.jpg\",\"contentUrl\":\"https:\\\/\\\/university-drone.org\\\/website\\\/wp-content\\\/uploads\\\/2020\\\/12\\\/christina-wocintechchat-com-FPQlXQtjkqU-unsplash.jpg\",\"width\":1646,\"height\":1040},{\"@type\":\"BreadcrumbList\",\"@id\":\"https:\\\/\\\/university-drone.org\\\/website\\\/un-drone-percute-avion-urgence-formation-iid\\\/#breadcrumb\",\"itemListElement\":[{\"@type\":\"ListItem\",\"position\":1,\"name\":\"Home\",\"item\":\"https:\\\/\\\/university-drone.org\\\/website\\\/\"},{\"@type\":\"ListItem\",\"position\":2,\"name\":\"Un drone percute un avion de lutte contre les feux : l\u2019IID alerte sur l\u2019urgence de la formation et des r\u00e8gles d\u2019usage\"}]},{\"@type\":\"WebSite\",\"@id\":\"https:\\\/\\\/university-drone.org\\\/website\\\/#website\",\"url\":\"https:\\\/\\\/university-drone.org\\\/website\\\/\",\"name\":\"iRobotics Institute Of Drone\",\"description\":\"L\u2019excellence dans les airs, la r\u00e9f\u00e9rence sur terre.\",\"publisher\":{\"@id\":\"https:\\\/\\\/university-drone.org\\\/website\\\/#organization\"},\"potentialAction\":[{\"@type\":\"SearchAction\",\"target\":{\"@type\":\"EntryPoint\",\"urlTemplate\":\"https:\\\/\\\/university-drone.org\\\/website\\\/?s={search_term_string}\"},\"query-input\":{\"@type\":\"PropertyValueSpecification\",\"valueRequired\":true,\"valueName\":\"search_term_string\"}}],\"inLanguage\":\"fr-FR\"},{\"@type\":\"Organization\",\"@id\":\"https:\\\/\\\/university-drone.org\\\/website\\\/#organization\",\"name\":\"iRobotics Institute Of Drone\",\"url\":\"https:\\\/\\\/university-drone.org\\\/website\\\/\",\"logo\":{\"@type\":\"ImageObject\",\"inLanguage\":\"fr-FR\",\"@id\":\"https:\\\/\\\/university-drone.org\\\/website\\\/#\\\/schema\\\/logo\\\/image\\\/\",\"url\":\"https:\\\/\\\/university-drone.org\\\/website\\\/wp-content\\\/uploads\\\/2020\\\/02\\\/logo-IID-iRobotics-Institute-of-Drone-2.webp\",\"contentUrl\":\"https:\\\/\\\/university-drone.org\\\/website\\\/wp-content\\\/uploads\\\/2020\\\/02\\\/logo-IID-iRobotics-Institute-of-Drone-2.webp\",\"width\":500,\"height\":500,\"caption\":\"iRobotics Institute Of Drone\"},\"image\":{\"@id\":\"https:\\\/\\\/university-drone.org\\\/website\\\/#\\\/schema\\\/logo\\\/image\\\/\"}},{\"@type\":\"Person\",\"@id\":\"https:\\\/\\\/university-drone.org\\\/website\\\/#\\\/schema\\\/person\\\/3ca2d193d8e066b1467dadd114332cb6\",\"name\":\"adonaicolle18\",\"image\":{\"@type\":\"ImageObject\",\"inLanguage\":\"fr-FR\",\"@id\":\"https:\\\/\\\/secure.gravatar.com\\\/avatar\\\/7ea77e54eb67885686f6c3b07f732a112cfb3ba1e7f4a473b21511ada1071b98?s=96&d=mm&r=g\",\"url\":\"https:\\\/\\\/secure.gravatar.com\\\/avatar\\\/7ea77e54eb67885686f6c3b07f732a112cfb3ba1e7f4a473b21511ada1071b98?s=96&d=mm&r=g\",\"contentUrl\":\"https:\\\/\\\/secure.gravatar.com\\\/avatar\\\/7ea77e54eb67885686f6c3b07f732a112cfb3ba1e7f4a473b21511ada1071b98?s=96&d=mm&r=g\",\"caption\":\"adonaicolle18\"},\"sameAs\":[\"https:\\\/\\\/university-drone.org\\\/website\"],\"url\":\"https:\\\/\\\/university-drone.org\\\/website\\\/author\\\/adonaicolle18\\\/\"}]}<\/script>\n<!-- \/ Yoast SEO plugin. -->","yoast_head_json":{"title":"Un drone percute un avion de lutte contre les feux : l\u2019IID alerte sur l\u2019urgence de la formation et des r\u00e8gles d\u2019usage - iRobotics Institute Of Drone","robots":{"index":"index","follow":"follow","max-snippet":"max-snippet:-1","max-image-preview":"max-image-preview:large","max-video-preview":"max-video-preview:-1"},"canonical":"https:\/\/university-drone.org\/website\/un-drone-percute-avion-urgence-formation-iid\/","og_locale":"fr_FR","og_type":"article","og_title":"Un drone percute un avion de lutte contre les feux : l\u2019IID alerte sur l\u2019urgence de la formation et des r\u00e8gles d\u2019usage - iRobotics Institute Of Drone","og_description":"Un incident grave : un drone endommage un avion en mission de s\u00e9curit\u00e9 Le 31 janvier 2025, un citoyen californien a \u00e9t\u00e9 arr\u00eat\u00e9 apr\u00e8s avoir fait voler un drone de loisir dans une zone restreinte, causant des dommages \u00e0 un avion de la SOPFEU (Soci\u00e9t\u00e9 de protection des for\u00eats contre le feu) en mission de...","og_url":"https:\/\/university-drone.org\/website\/un-drone-percute-avion-urgence-formation-iid\/","og_site_name":"iRobotics Institute Of Drone","article_published_time":"2025-02-01T09:30:21+00:00","article_modified_time":"2025-06-24T23:46:58+00:00","og_image":[{"width":1646,"height":1040,"url":"https:\/\/university-drone.org\/website\/wp-content\/uploads\/2020\/12\/christina-wocintechchat-com-FPQlXQtjkqU-unsplash.jpg","type":"image\/jpeg"}],"author":"adonaicolle18","twitter_card":"summary_large_image","twitter_misc":{"\u00c9crit par":"adonaicolle18","Dur\u00e9e de lecture estim\u00e9e":"3 minutes"},"schema":{"@context":"https:\/\/schema.org","@graph":[{"@type":"Article","@id":"https:\/\/university-drone.org\/website\/un-drone-percute-avion-urgence-formation-iid\/#article","isPartOf":{"@id":"https:\/\/university-drone.org\/website\/un-drone-percute-avion-urgence-formation-iid\/"},"author":{"name":"adonaicolle18","@id":"https:\/\/university-drone.org\/website\/#\/schema\/person\/3ca2d193d8e066b1467dadd114332cb6"},"headline":"Un drone percute un avion de lutte contre les feux : l\u2019IID alerte sur l\u2019urgence de la formation et des r\u00e8gles d\u2019usage","datePublished":"2025-02-01T09:30:21+00:00","dateModified":"2025-06-24T23:46:58+00:00","mainEntityOfPage":{"@id":"https:\/\/university-drone.org\/website\/un-drone-percute-avion-urgence-formation-iid\/"},"wordCount":420,"commentCount":0,"publisher":{"@id":"https:\/\/university-drone.org\/website\/#organization"},"image":{"@id":"https:\/\/university-drone.org\/website\/un-drone-percute-avion-urgence-formation-iid\/#primaryimage"},"thumbnailUrl":"https:\/\/university-drone.org\/website\/wp-content\/uploads\/2020\/12\/christina-wocintechchat-com-FPQlXQtjkqU-unsplash.jpg","keywords":["ANAC","drone Canada","Drone Incident","EASA","formation drone","IID","OACI","r\u00e8glementation drone","s\u00e9curit\u00e9 a\u00e9rienne","SOPFEU","t\u00e9l\u00e9pilote"],"articleSection":["Student Success","Workshops and Events"],"inLanguage":"fr-FR","potentialAction":[{"@type":"CommentAction","name":"Comment","target":["https:\/\/university-drone.org\/website\/un-drone-percute-avion-urgence-formation-iid\/#respond"]}]},{"@type":"WebPage","@id":"https:\/\/university-drone.org\/website\/un-drone-percute-avion-urgence-formation-iid\/","url":"https:\/\/university-drone.org\/website\/un-drone-percute-avion-urgence-formation-iid\/","name":"Un drone percute un avion de lutte contre les feux : l\u2019IID alerte sur l\u2019urgence de la formation et des r\u00e8gles d\u2019usage - iRobotics Institute Of Drone","isPartOf":{"@id":"https:\/\/university-drone.org\/website\/#website"},"primaryImageOfPage":{"@id":"https:\/\/university-drone.org\/website\/un-drone-percute-avion-urgence-formation-iid\/#primaryimage"},"image":{"@id":"https:\/\/university-drone.org\/website\/un-drone-percute-avion-urgence-formation-iid\/#primaryimage"},"thumbnailUrl":"https:\/\/university-drone.org\/website\/wp-content\/uploads\/2020\/12\/christina-wocintechchat-com-FPQlXQtjkqU-unsplash.jpg","datePublished":"2025-02-01T09:30:21+00:00","dateModified":"2025-06-24T23:46:58+00:00","breadcrumb":{"@id":"https:\/\/university-drone.org\/website\/un-drone-percute-avion-urgence-formation-iid\/#breadcrumb"},"inLanguage":"fr-FR","potentialAction":[{"@type":"ReadAction","target":["https:\/\/university-drone.org\/website\/un-drone-percute-avion-urgence-formation-iid\/"]}]},{"@type":"ImageObject","inLanguage":"fr-FR","@id":"https:\/\/university-drone.org\/website\/un-drone-percute-avion-urgence-formation-iid\/#primaryimage","url":"https:\/\/university-drone.org\/website\/wp-content\/uploads\/2020\/12\/christina-wocintechchat-com-FPQlXQtjkqU-unsplash.jpg","contentUrl":"https:\/\/university-drone.org\/website\/wp-content\/uploads\/2020\/12\/christina-wocintechchat-com-FPQlXQtjkqU-unsplash.jpg","width":1646,"height":1040},{"@type":"BreadcrumbList","@id":"https:\/\/university-drone.org\/website\/un-drone-percute-avion-urgence-formation-iid\/#breadcrumb","itemListElement":[{"@type":"ListItem","position":1,"name":"Home","item":"https:\/\/university-drone.org\/website\/"},{"@type":"ListItem","position":2,"name":"Un drone percute un avion de lutte contre les feux : l\u2019IID alerte sur l\u2019urgence de la formation et des r\u00e8gles d\u2019usage"}]},{"@type":"WebSite","@id":"https:\/\/university-drone.org\/website\/#website","url":"https:\/\/university-drone.org\/website\/","name":"iRobotics Institute Of Drone","description":"L\u2019excellence dans les airs, la r\u00e9f\u00e9rence sur terre.","publisher":{"@id":"https:\/\/university-drone.org\/website\/#organization"},"potentialAction":[{"@type":"SearchAction","target":{"@type":"EntryPoint","urlTemplate":"https:\/\/university-drone.org\/website\/?s={search_term_string}"},"query-input":{"@type":"PropertyValueSpecification","valueRequired":true,"valueName":"search_term_string"}}],"inLanguage":"fr-FR"},{"@type":"Organization","@id":"https:\/\/university-drone.org\/website\/#organization","name":"iRobotics Institute Of Drone","url":"https:\/\/university-drone.org\/website\/","logo":{"@type":"ImageObject","inLanguage":"fr-FR","@id":"https:\/\/university-drone.org\/website\/#\/schema\/logo\/image\/","url":"https:\/\/university-drone.org\/website\/wp-content\/uploads\/2020\/02\/logo-IID-iRobotics-Institute-of-Drone-2.webp","contentUrl":"https:\/\/university-drone.org\/website\/wp-content\/uploads\/2020\/02\/logo-IID-iRobotics-Institute-of-Drone-2.webp","width":500,"height":500,"caption":"iRobotics Institute Of Drone"},"image":{"@id":"https:\/\/university-drone.org\/website\/#\/schema\/logo\/image\/"}},{"@type":"Person","@id":"https:\/\/university-drone.org\/website\/#\/schema\/person\/3ca2d193d8e066b1467dadd114332cb6","name":"adonaicolle18","image":{"@type":"ImageObject","inLanguage":"fr-FR","@id":"https:\/\/secure.gravatar.com\/avatar\/7ea77e54eb67885686f6c3b07f732a112cfb3ba1e7f4a473b21511ada1071b98?s=96&d=mm&r=g","url":"https:\/\/secure.gravatar.com\/avatar\/7ea77e54eb67885686f6c3b07f732a112cfb3ba1e7f4a473b21511ada1071b98?s=96&d=mm&r=g","contentUrl":"https:\/\/secure.gravatar.com\/avatar\/7ea77e54eb67885686f6c3b07f732a112cfb3ba1e7f4a473b21511ada1071b98?s=96&d=mm&r=g","caption":"adonaicolle18"},"sameAs":["https:\/\/university-drone.org\/website"],"url":"https:\/\/university-drone.org\/website\/author\/adonaicolle18\/"}]}},"_links":{"self":[{"href":"https:\/\/university-drone.org\/website\/wp-json\/wp\/v2\/posts\/10935","targetHints":{"allow":["GET"]}}],"collection":[{"href":"https:\/\/university-drone.org\/website\/wp-json\/wp\/v2\/posts"}],"about":[{"href":"https:\/\/university-drone.org\/website\/wp-json\/wp\/v2\/types\/post"}],"author":[{"embeddable":true,"href":"https:\/\/university-drone.org\/website\/wp-json\/wp\/v2\/users\/1"}],"replies":[{"embeddable":true,"href":"https:\/\/university-drone.org\/website\/wp-json\/wp\/v2\/comments?post=10935"}],"version-history":[{"count":7,"href":"https:\/\/university-drone.org\/website\/wp-json\/wp\/v2\/posts\/10935\/revisions"}],"predecessor-version":[{"id":989845,"href":"https:\/\/university-drone.org\/website\/wp-json\/wp\/v2\/posts\/10935\/revisions\/989845"}],"wp:featuredmedia":[{"embeddable":true,"href":"https:\/\/university-drone.org\/website\/wp-json\/wp\/v2\/media\/16833"}],"wp:attachment":[{"href":"https:\/\/university-drone.org\/website\/wp-json\/wp\/v2\/media?parent=10935"}],"wp:term":[{"taxonomy":"category","embeddable":true,"href":"https:\/\/university-drone.org\/website\/wp-json\/wp\/v2\/categories?post=10935"},{"taxonomy":"post_tag","embeddable":true,"href":"https:\/\/university-drone.org\/website\/wp-json\/wp\/v2\/tags?post=10935"}],"curies":[{"name":"wp","href":"https:\/\/api.w.org\/{rel}","templated":true}]}}